{"id":2167,"date":"2014-05-22T15:41:06","date_gmt":"2014-05-22T14:41:06","guid":{"rendered":"http:\/\/consult.taga.net\/?p=2167"},"modified":"2017-11-24T12:23:56","modified_gmt":"2017-11-24T11:23:56","slug":"esmorzar-treball-cinquanta-empresaris-cambra-colombiana-infraestructura","status":"publish","type":"post","link":"https:\/\/consult.taga.net\/ca\/esmorzar-treball-cinquanta-empresaris-cambra-colombiana-infraestructura\/","title":{"rendered":"Esmorzar de treball amb cinquanta empresaris a la Cambra Colombiana de la Infraestructura"},"content":{"rendered":"<p>Aquest dijous 22 de maig, \u00a0Xavier Tarr\u00e9 ha estat convidat als esmorzars de treball que organitza peri\u00f2dicament la\u00a0<strong><u>Cambra Colombiana de la Infraestructura<\/u><\/strong>, perqu\u00e8 ofer\u00eds \u00a0un taller pr\u00e0ctic d\u2019autodiagnosi en base a la metodologia\u00a0<a href=\"http:\/\/www.xaviertarre.com\/?page_id=49\"><strong>OES<\/strong><\/a><strong>\u00ae<\/strong>. En aquest taller els participants han pogut avaluar l\u2019estat de salut de les seves organitzacions a trav\u00e9s d\u2019un procediment\u00a0d\u2019an\u00e0lisi estructurat en set eixos i vint-i-una variables, que repassen el conjunt d\u2019elements tangibles i intangibles que existeixen en una organitzaci\u00f3.<\/p>\n<p>Els assistents han pogut comprovar que es tracta d\u2019una proposta orientada a assolir resultats extraordinaris i perdurables en el temps, ja que es tracta d\u2019una metodologia estrat\u00e8gica l\u2019enfocament sist\u00e8mic i humanista de la qual facilita la comprensi\u00f3 i la intervenci\u00f3 en la realitat concreta i profunda de cada organitzaci\u00f3 fomentant-ne el desenvolupament.<\/p>","protected":false},"excerpt":{"rendered":"<p>Aquest dijous 22 de maig, \u00a0Xavier Tarr\u00e9 ha estat convidat als esmorzars de treball que organitza peri\u00f2dicament la\u00a0Cambra Colombiana de la Infraestructura, perqu\u00e8 ofer\u00eds \u00a0un taller pr\u00e0ctic d\u2019autodiagnosi en base a la metodologia\u00a0OES\u00ae. En aquest taller els participants han pogut avaluar l\u2019estat de salut de les seves organitzacions a trav\u00e9s d\u2019un procediment\u00a0d\u2019an\u00e0lisi estructurat en set&#8230;<\/p>\n","protected":false},"author":1,"featured_media":2168,"comment_status":"open","ping_status":"open","sticky":false,"template":"","format":"standard","meta":{"_mi_skip_tracking":false,"_monsterinsights_sitenote_active":false,"_monsterinsights_sitenote_note":"","_monsterinsights_sitenote_category":0},"categories":[1],"tags":[],"yoast_head":"<!-- This site is optimized with the Yoast SEO plugin v20.12 - https:\/\/yoast.com\/wordpress\/plugins\/seo\/ -->\n<title>Esmorzar de treball amb cinquanta empresaris a la Cambra Colombiana de la Infraestructura - Taga<\/title>\n<meta name=\"robots\" content=\"index, follow, max-snippet:-1, max-image-preview:large, max-video-preview:-1\" \/>\n<link rel=\"canonical\" href=\"https:\/\/consult.taga.net\/ca\/esmorzar-treball-cinquanta-empresaris-cambra-colombiana-infraestructura\/\" \/>\n<meta property=\"og:locale\" content=\"ca_ES\" \/>\n<meta property=\"og:type\" content=\"article\" \/>\n<meta property=\"og:title\" content=\"[:ca]Esmorzar de treball amb cinquanta empresaris a la Cambra Colombiana de la Infraestructura[:es]Desayuno de trabajo con cincuenta empresarios en la C\u00e1mara Colombiana de la Infraestructura[:] - Taga\" \/>\n<meta property=\"og:description\" content=\"Aquest dijous 22 de maig, \u00a0Xavier Tarr\u00e9 ha estat convidat als esmorzars de treball que organitza peri\u00f2dicament la\u00a0Cambra Colombiana de la Infraestructura, perqu\u00e8 ofer\u00eds \u00a0un taller pr\u00e0ctic d\u2019autodiagnosi en base a la metodologia\u00a0OES\u00ae. En aquest taller els participants han pogut avaluar l\u2019estat de salut de les seves organitzacions a trav\u00e9s d\u2019un procediment\u00a0d\u2019an\u00e0lisi estructurat en set...\" \/>\n<meta property=\"og:url\" content=\"https:\/\/consult.taga.net\/ca\/esmorzar-treball-cinquanta-empresaris-cambra-colombiana-infraestructura\/\" \/>\n<meta property=\"og:site_name\" content=\"Taga\" \/>\n<meta property=\"article:published_time\" content=\"2014-05-22T14:41:06+00:00\" \/>\n<meta property=\"article:modified_time\" content=\"2017-11-24T11:23:56+00:00\" \/>\n<meta property=\"og:image\" content=\"https:\/\/consult.taga.net\/wp-content\/uploads\/2017\/09\/Confe-CCi-1024x428.jpg\" \/>\n\t<meta property=\"og:image:width\" content=\"1024\" \/>\n\t<meta property=\"og:image:height\" content=\"428\" \/>\n\t<meta property=\"og:image:type\" content=\"image\/jpeg\" \/>\n<meta name=\"author\" content=\"taga\" \/>\n<meta name=\"twitter:card\" content=\"summary_large_image\" \/>\n<meta name=\"twitter:label1\" content=\"Escrit per\" \/>\n\t<meta name=\"twitter:data1\" content=\"taga\" \/>\n\t<meta name=\"twitter:label2\" content=\"Temps estimat de lectura\" \/>\n\t<meta name=\"twitter:data2\" content=\"1 minut\" \/>\n<script type=\"application\/ld+json\" class=\"yoast-schema-graph\">{\"@context\":\"https:\/\/schema.org\",\"@graph\":[{\"@type\":\"Article\",\"@id\":\"https:\/\/consult.taga.net\/ca\/esmorzar-treball-cinquanta-empresaris-cambra-colombiana-infraestructura\/#article\",\"isPartOf\":{\"@id\":\"https:\/\/consult.taga.net\/ca\/esmorzar-treball-cinquanta-empresaris-cambra-colombiana-infraestructura\/\"},\"author\":{\"name\":\"taga\",\"@id\":\"https:\/\/consult.taga.net\/ca\/#\/schema\/person\/a45c66a946c453600b5a607d99fa25a6\"},\"headline\":\"Esmorzar de treball amb cinquanta empresaris a la Cambra Colombiana de la Infraestructura\",\"datePublished\":\"2014-05-22T14:41:06+00:00\",\"dateModified\":\"2017-11-24T11:23:56+00:00\",\"mainEntityOfPage\":{\"@id\":\"https:\/\/consult.taga.net\/ca\/esmorzar-treball-cinquanta-empresaris-cambra-colombiana-infraestructura\/\"},\"wordCount\":313,\"commentCount\":0,\"publisher\":{\"@id\":\"https:\/\/consult.taga.net\/ca\/#organization\"},\"articleSection\":[\"Sin categor\u00eda\"],\"inLanguage\":\"ca\",\"potentialAction\":[{\"@type\":\"CommentAction\",\"name\":\"Comment\",\"target\":[\"https:\/\/consult.taga.net\/ca\/esmorzar-treball-cinquanta-empresaris-cambra-colombiana-infraestructura\/#respond\"]}]},{\"@type\":\"WebPage\",\"@id\":\"https:\/\/consult.taga.net\/ca\/esmorzar-treball-cinquanta-empresaris-cambra-colombiana-infraestructura\/\",\"url\":\"https:\/\/consult.taga.net\/ca\/esmorzar-treball-cinquanta-empresaris-cambra-colombiana-infraestructura\/\",\"name\":\"[:ca]Esmorzar de treball amb cinquanta empresaris a la Cambra Colombiana de la Infraestructura[:es]Desayuno de trabajo con cincuenta empresarios en la C\u00e1mara Colombiana de la Infraestructura[:] - Taga\",\"isPartOf\":{\"@id\":\"https:\/\/consult.taga.net\/ca\/#website\"},\"datePublished\":\"2014-05-22T14:41:06+00:00\",\"dateModified\":\"2017-11-24T11:23:56+00:00\",\"breadcrumb\":{\"@id\":\"https:\/\/consult.taga.net\/ca\/esmorzar-treball-cinquanta-empresaris-cambra-colombiana-infraestructura\/#breadcrumb\"},\"inLanguage\":\"ca\",\"potentialAction\":[{\"@type\":\"ReadAction\",\"target\":[\"https:\/\/consult.taga.net\/ca\/esmorzar-treball-cinquanta-empresaris-cambra-colombiana-infraestructura\/\"]}]},{\"@type\":\"BreadcrumbList\",\"@id\":\"https:\/\/consult.taga.net\/ca\/esmorzar-treball-cinquanta-empresaris-cambra-colombiana-infraestructura\/#breadcrumb\",\"itemListElement\":[{\"@type\":\"ListItem\",\"position\":1,\"name\":\"Inici\",\"item\":\"https:\/\/consult.taga.net\/ca\/\"},{\"@type\":\"ListItem\",\"position\":2,\"name\":\"Esmorzar de treball amb cinquanta empresaris a la Cambra Colombiana de la Infraestructura\"}]},{\"@type\":\"WebSite\",\"@id\":\"https:\/\/consult.taga.net\/ca\/#website\",\"url\":\"https:\/\/consult.taga.net\/ca\/\",\"name\":\"Taga\",\"description\":\"Leadership, Strategy, Culture\",\"publisher\":{\"@id\":\"https:\/\/consult.taga.net\/ca\/#organization\"},\"potentialAction\":[{\"@type\":\"SearchAction\",\"target\":{\"@type\":\"EntryPoint\",\"urlTemplate\":\"https:\/\/consult.taga.net\/ca\/?s={search_term_string}\"},\"query-input\":\"required name=search_term_string\"}],\"inLanguage\":\"ca\"},{\"@type\":\"Organization\",\"@id\":\"https:\/\/consult.taga.net\/ca\/#organization\",\"name\":\"Taga - Change Management\",\"url\":\"https:\/\/consult.taga.net\/ca\/\",\"logo\":{\"@type\":\"ImageObject\",\"inLanguage\":\"ca\",\"@id\":\"https:\/\/consult.taga.net\/ca\/#\/schema\/logo\/image\/\",\"url\":\"https:\/\/consult.taga.net\/wp-content\/uploads\/2019\/11\/Logo_change-management.png\",\"contentUrl\":\"https:\/\/consult.taga.net\/wp-content\/uploads\/2019\/11\/Logo_change-management.png\",\"width\":122,\"height\":68,\"caption\":\"Taga - Change Management\"},\"image\":{\"@id\":\"https:\/\/consult.taga.net\/ca\/#\/schema\/logo\/image\/\"}},{\"@type\":\"Person\",\"@id\":\"https:\/\/consult.taga.net\/ca\/#\/schema\/person\/a45c66a946c453600b5a607d99fa25a6\",\"name\":\"taga\",\"image\":{\"@type\":\"ImageObject\",\"inLanguage\":\"ca\",\"@id\":\"https:\/\/consult.taga.net\/ca\/#\/schema\/person\/image\/\",\"url\":\"https:\/\/secure.gravatar.com\/avatar\/7b51dde4de9a188ac81546e9d7c9a4c9?s=96&d=mm&r=g\",\"contentUrl\":\"https:\/\/secure.gravatar.com\/avatar\/7b51dde4de9a188ac81546e9d7c9a4c9?s=96&d=mm&r=g\",\"caption\":\"taga\"},\"url\":\"https:\/\/consult.taga.net\/ca\/author\/taga\/\"}]}<\/script>\n<!-- \/ Yoast SEO plugin. -->","yoast_head_json":{"title":"[:ca]Esmorzar de treball amb cinquanta empresaris a la Cambra Colombiana de la Infraestructura[:es]Desayuno de trabajo con cincuenta empresarios en la C\u00e1mara Colombiana de la Infraestructura[:] - Taga","robots":{"index":"index","follow":"follow","max-snippet":"max-snippet:-1","max-image-preview":"max-image-preview:large","max-video-preview":"max-video-preview:-1"},"canonical":"https:\/\/consult.taga.net\/ca\/esmorzar-treball-cinquanta-empresaris-cambra-colombiana-infraestructura\/","og_locale":"ca_ES","og_type":"article","og_title":"[:ca]Esmorzar de treball amb cinquanta empresaris a la Cambra Colombiana de la Infraestructura[:es]Desayuno de trabajo con cincuenta empresarios en la C\u00e1mara Colombiana de la Infraestructura[:] - Taga","og_description":"Aquest dijous 22 de maig, \u00a0Xavier Tarr\u00e9 ha estat convidat als esmorzars de treball que organitza peri\u00f2dicament la\u00a0Cambra Colombiana de la Infraestructura, perqu\u00e8 ofer\u00eds \u00a0un taller pr\u00e0ctic d\u2019autodiagnosi en base a la metodologia\u00a0OES\u00ae. En aquest taller els participants han pogut avaluar l\u2019estat de salut de les seves organitzacions a trav\u00e9s d\u2019un procediment\u00a0d\u2019an\u00e0lisi estructurat en set...","og_url":"https:\/\/consult.taga.net\/ca\/esmorzar-treball-cinquanta-empresaris-cambra-colombiana-infraestructura\/","og_site_name":"Taga","article_published_time":"2014-05-22T14:41:06+00:00","article_modified_time":"2017-11-24T11:23:56+00:00","og_image":[{"width":1024,"height":428,"url":"https:\/\/consult.taga.net\/wp-content\/uploads\/2017\/09\/Confe-CCi-1024x428.jpg","type":"image\/jpeg"}],"author":"taga","twitter_card":"summary_large_image","twitter_misc":{"Escrit per":"taga","Temps estimat de lectura":"1 minut"},"schema":{"@context":"https:\/\/schema.org","@graph":[{"@type":"Article","@id":"https:\/\/consult.taga.net\/ca\/esmorzar-treball-cinquanta-empresaris-cambra-colombiana-infraestructura\/#article","isPartOf":{"@id":"https:\/\/consult.taga.net\/ca\/esmorzar-treball-cinquanta-empresaris-cambra-colombiana-infraestructura\/"},"author":{"name":"taga","@id":"https:\/\/consult.taga.net\/ca\/#\/schema\/person\/a45c66a946c453600b5a607d99fa25a6"},"headline":"Esmorzar de treball amb cinquanta empresaris a la Cambra Colombiana de la Infraestructura","datePublished":"2014-05-22T14:41:06+00:00","dateModified":"2017-11-24T11:23:56+00:00","mainEntityOfPage":{"@id":"https:\/\/consult.taga.net\/ca\/esmorzar-treball-cinquanta-empresaris-cambra-colombiana-infraestructura\/"},"wordCount":313,"commentCount":0,"publisher":{"@id":"https:\/\/consult.taga.net\/ca\/#organization"},"articleSection":["Sin categor\u00eda"],"inLanguage":"ca","potentialAction":[{"@type":"CommentAction","name":"Comment","target":["https:\/\/consult.taga.net\/ca\/esmorzar-treball-cinquanta-empresaris-cambra-colombiana-infraestructura\/#respond"]}]},{"@type":"WebPage","@id":"https:\/\/consult.taga.net\/ca\/esmorzar-treball-cinquanta-empresaris-cambra-colombiana-infraestructura\/","url":"https:\/\/consult.taga.net\/ca\/esmorzar-treball-cinquanta-empresaris-cambra-colombiana-infraestructura\/","name":"[:ca]Esmorzar de treball amb cinquanta empresaris a la Cambra Colombiana de la Infraestructura[:es]Desayuno de trabajo con cincuenta empresarios en la C\u00e1mara Colombiana de la Infraestructura[:] - Taga","isPartOf":{"@id":"https:\/\/consult.taga.net\/ca\/#website"},"datePublished":"2014-05-22T14:41:06+00:00","dateModified":"2017-11-24T11:23:56+00:00","breadcrumb":{"@id":"https:\/\/consult.taga.net\/ca\/esmorzar-treball-cinquanta-empresaris-cambra-colombiana-infraestructura\/#breadcrumb"},"inLanguage":"ca","potentialAction":[{"@type":"ReadAction","target":["https:\/\/consult.taga.net\/ca\/esmorzar-treball-cinquanta-empresaris-cambra-colombiana-infraestructura\/"]}]},{"@type":"BreadcrumbList","@id":"https:\/\/consult.taga.net\/ca\/esmorzar-treball-cinquanta-empresaris-cambra-colombiana-infraestructura\/#breadcrumb","itemListElement":[{"@type":"ListItem","position":1,"name":"Inici","item":"https:\/\/consult.taga.net\/ca\/"},{"@type":"ListItem","position":2,"name":"Esmorzar de treball amb cinquanta empresaris a la Cambra Colombiana de la Infraestructura"}]},{"@type":"WebSite","@id":"https:\/\/consult.taga.net\/ca\/#website","url":"https:\/\/consult.taga.net\/ca\/","name":"Taga","description":"Leadership, Strategy, Culture","publisher":{"@id":"https:\/\/consult.taga.net\/ca\/#organization"},"potentialAction":[{"@type":"SearchAction","target":{"@type":"EntryPoint","urlTemplate":"https:\/\/consult.taga.net\/ca\/?s={search_term_string}"},"query-input":"required name=search_term_string"}],"inLanguage":"ca"},{"@type":"Organization","@id":"https:\/\/consult.taga.net\/ca\/#organization","name":"Taga - Change Management","url":"https:\/\/consult.taga.net\/ca\/","logo":{"@type":"ImageObject","inLanguage":"ca","@id":"https:\/\/consult.taga.net\/ca\/#\/schema\/logo\/image\/","url":"https:\/\/consult.taga.net\/wp-content\/uploads\/2019\/11\/Logo_change-management.png","contentUrl":"https:\/\/consult.taga.net\/wp-content\/uploads\/2019\/11\/Logo_change-management.png","width":122,"height":68,"caption":"Taga - Change Management"},"image":{"@id":"https:\/\/consult.taga.net\/ca\/#\/schema\/logo\/image\/"}},{"@type":"Person","@id":"https:\/\/consult.taga.net\/ca\/#\/schema\/person\/a45c66a946c453600b5a607d99fa25a6","name":"taga","image":{"@type":"ImageObject","inLanguage":"ca","@id":"https:\/\/consult.taga.net\/ca\/#\/schema\/person\/image\/","url":"https:\/\/secure.gravatar.com\/avatar\/7b51dde4de9a188ac81546e9d7c9a4c9?s=96&d=mm&r=g","contentUrl":"https:\/\/secure.gravatar.com\/avatar\/7b51dde4de9a188ac81546e9d7c9a4c9?s=96&d=mm&r=g","caption":"taga"},"url":"https:\/\/consult.taga.net\/ca\/author\/taga\/"}]}},"_links":{"self":[{"href":"https:\/\/consult.taga.net\/ca\/wp-json\/wp\/v2\/posts\/2167"}],"collection":[{"href":"https:\/\/consult.taga.net\/ca\/wp-json\/wp\/v2\/posts"}],"about":[{"href":"https:\/\/consult.taga.net\/ca\/wp-json\/wp\/v2\/types\/post"}],"author":[{"embeddable":true,"href":"https:\/\/consult.taga.net\/ca\/wp-json\/wp\/v2\/users\/1"}],"replies":[{"embeddable":true,"href":"https:\/\/consult.taga.net\/ca\/wp-json\/wp\/v2\/comments?post=2167"}],"version-history":[{"count":3,"href":"https:\/\/consult.taga.net\/ca\/wp-json\/wp\/v2\/posts\/2167\/revisions"}],"predecessor-version":[{"id":2285,"href":"https:\/\/consult.taga.net\/ca\/wp-json\/wp\/v2\/posts\/2167\/revisions\/2285"}],"wp:featuredmedia":[{"embeddable":true,"href":"https:\/\/consult.taga.net\/ca\/wp-json\/wp\/v2\/media\/2168"}],"wp:attachment":[{"href":"https:\/\/consult.taga.net\/ca\/wp-json\/wp\/v2\/media?parent=2167"}],"wp:term":[{"taxonomy":"category","embeddable":true,"href":"https:\/\/consult.taga.net\/ca\/wp-json\/wp\/v2\/categories?post=2167"},{"taxonomy":"post_tag","embeddable":true,"href":"https:\/\/consult.taga.net\/ca\/wp-json\/wp\/v2\/tags?post=2167"}],"curies":[{"name":"wp","href":"https:\/\/api.w.org\/{rel}","templated":true}]}}