{"id":2205,"date":"2014-02-20T16:28:40","date_gmt":"2014-02-20T15:28:40","guid":{"rendered":"http:\/\/consult.taga.net\/?p=2205"},"modified":"2017-09-05T16:32:00","modified_gmt":"2017-09-05T15:32:00","slug":"energia-organizacional-aula-educacion-continua-icf-colombia","status":"publish","type":"post","link":"https:\/\/consult.taga.net\/ca\/energia-organizacional-aula-educacion-continua-icf-colombia\/","title":{"rendered":"Energia Organitzacional a l\u2019aula d\u2019educaci\u00f3 continuada d\u2019ICF Col\u00f2mbia"},"content":{"rendered":"<p>Aquest dijous 20 de febrer de 2014, Xavier Tarr\u00e9 ha impartit una confer\u00e8ncia sobre el<a href=\"http:\/\/www.xaviertarre.com\/?page_id=49\"><strong>\u00a0<\/strong><strong>Sistema Energ\u00e8tic Organitzacional<\/strong><\/a>\u00a0(<strong>OES<\/strong>\u00a0\u00ae) adre\u00e7ada a l\u00edders organitzacionals i professionals del coaching i dels recursos humans.\u00a0En aquesta confer\u00e8ncia, organitzada pel Comit\u00e8 d\u2019Educaci\u00f3 Continuada d\u2019<u>ICF Col\u00f2mbia<\/u>\u00a0(International Coaching Federation) a la ciutat de Bogot\u00e0, Xavier Tarr\u00e9 ha introdu\u00eft la metodologia desenvolupada per TAGA Creativa\u00a0\u2013 Pinea3 Living Organizations per a l\u2019elaboraci\u00f3 d\u2019un diagn\u00f2stic integral de l\u2019estat de salut de l\u2019organitzaci\u00f3 i d\u2019un pla estrat\u00e8gic per al seu desenvolupament saludable al llarg del temps, a trav\u00e9s d\u2019un enfocament sist\u00e8mic i humanista, i d\u2019una metodologia innovadora que aporta resultats mesurables i efectius.<\/p>\n<p>&nbsp;<\/p>\n<p><img decoding=\"async\" loading=\"lazy\" class=\"alignnone size-medium wp-image-2199\" src=\"https:\/\/consult.taga.net\/wp-content\/uploads\/2017\/09\/ICF_Colombia_Xavier_Tarre_EO_0214-1024x641-300x188.jpg\" alt=\"\" width=\"300\" height=\"188\" srcset=\"https:\/\/consult.taga.net\/wp-content\/uploads\/2017\/09\/ICF_Colombia_Xavier_Tarre_EO_0214-1024x641-300x188.jpg 300w, https:\/\/consult.taga.net\/wp-content\/uploads\/2017\/09\/ICF_Colombia_Xavier_Tarre_EO_0214-1024x641-768x481.jpg 768w, https:\/\/consult.taga.net\/wp-content\/uploads\/2017\/09\/ICF_Colombia_Xavier_Tarre_EO_0214-1024x641.jpg 1024w, https:\/\/consult.taga.net\/wp-content\/uploads\/2017\/09\/ICF_Colombia_Xavier_Tarre_EO_0214-1024x641-700x438.jpg 700w\" sizes=\"(max-width: 300px) 100vw, 300px\" \/><\/p>","protected":false},"excerpt":{"rendered":"<p>Aquest dijous 20 de febrer de 2014, Xavier Tarr\u00e9 ha impartit una confer\u00e8ncia sobre el\u00a0Sistema Energ\u00e8tic Organitzacional\u00a0(OES\u00a0\u00ae) adre\u00e7ada a l\u00edders organitzacionals i professionals del coaching i dels recursos humans.\u00a0En aquesta confer\u00e8ncia, organitzada pel Comit\u00e8 d\u2019Educaci\u00f3 Continuada d\u2019ICF Col\u00f2mbia\u00a0(International Coaching Federation) a la ciutat de Bogot\u00e0, Xavier Tarr\u00e9 ha introdu\u00eft la metodologia desenvolupada per TAGA Creativa\u00a0\u2013&#8230;<\/p>\n","protected":false},"author":1,"featured_media":2199,"comment_status":"open","ping_status":"open","sticky":false,"template":"","format":"standard","meta":{"_mi_skip_tracking":false,"_monsterinsights_sitenote_active":false,"_monsterinsights_sitenote_note":"","_monsterinsights_sitenote_category":0},"categories":[1],"tags":[],"yoast_head":"<!-- This site is optimized with the Yoast SEO plugin v20.12 - https:\/\/yoast.com\/wordpress\/plugins\/seo\/ -->\n<title>Energia Organitzacional a l\u2019aula d\u2019educaci\u00f3 continuada d\u2019ICF Col\u00f2mbia - Taga<\/title>\n<meta name=\"robots\" content=\"index, follow, max-snippet:-1, max-image-preview:large, max-video-preview:-1\" \/>\n<link rel=\"canonical\" href=\"https:\/\/consult.taga.net\/ca\/energia-organizacional-aula-educacion-continua-icf-colombia\/\" \/>\n<meta property=\"og:locale\" content=\"ca_ES\" \/>\n<meta property=\"og:type\" content=\"article\" \/>\n<meta property=\"og:title\" content=\"[:ca]Energia Organitzacional a l\u2019aula d\u2019educaci\u00f3 continuada d\u2019ICF Col\u00f2mbia[:es]Energ\u00eda Organizacional en el aula de educaci\u00f3n continua de ICF Colombia[:] - Taga\" \/>\n<meta property=\"og:description\" content=\"Aquest dijous 20 de febrer de 2014, Xavier Tarr\u00e9 ha impartit una confer\u00e8ncia sobre el\u00a0Sistema Energ\u00e8tic Organitzacional\u00a0(OES\u00a0\u00ae) adre\u00e7ada a l\u00edders organitzacionals i professionals del coaching i dels recursos humans.\u00a0En aquesta confer\u00e8ncia, organitzada pel Comit\u00e8 d\u2019Educaci\u00f3 Continuada d\u2019ICF Col\u00f2mbia\u00a0(International Coaching Federation) a la ciutat de Bogot\u00e0, Xavier Tarr\u00e9 ha introdu\u00eft la metodologia desenvolupada per TAGA Creativa\u00a0\u2013...\" \/>\n<meta property=\"og:url\" content=\"https:\/\/consult.taga.net\/ca\/energia-organizacional-aula-educacion-continua-icf-colombia\/\" \/>\n<meta property=\"og:site_name\" content=\"Taga\" \/>\n<meta property=\"article:published_time\" content=\"2014-02-20T15:28:40+00:00\" \/>\n<meta property=\"article:modified_time\" content=\"2017-09-05T15:32:00+00:00\" \/>\n<meta property=\"og:image\" content=\"https:\/\/consult.taga.net\/wp-content\/uploads\/2017\/09\/ICF_Colombia_Xavier_Tarre_EO_0214-1024x641.jpg\" \/>\n\t<meta property=\"og:image:width\" content=\"1024\" \/>\n\t<meta property=\"og:image:height\" content=\"641\" \/>\n\t<meta property=\"og:image:type\" content=\"image\/jpeg\" \/>\n<meta name=\"author\" content=\"taga\" \/>\n<meta name=\"twitter:card\" content=\"summary_large_image\" \/>\n<meta name=\"twitter:label1\" content=\"Escrit per\" \/>\n\t<meta name=\"twitter:data1\" content=\"taga\" \/>\n\t<meta name=\"twitter:label2\" content=\"Temps estimat de lectura\" \/>\n\t<meta name=\"twitter:data2\" content=\"1 minut\" \/>\n<script type=\"application\/ld+json\" class=\"yoast-schema-graph\">{\"@context\":\"https:\/\/schema.org\",\"@graph\":[{\"@type\":\"Article\",\"@id\":\"https:\/\/consult.taga.net\/ca\/energia-organizacional-aula-educacion-continua-icf-colombia\/#article\",\"isPartOf\":{\"@id\":\"https:\/\/consult.taga.net\/ca\/energia-organizacional-aula-educacion-continua-icf-colombia\/\"},\"author\":{\"name\":\"taga\",\"@id\":\"https:\/\/consult.taga.net\/ca\/#\/schema\/person\/a45c66a946c453600b5a607d99fa25a6\"},\"headline\":\"Energia Organitzacional a l\u2019aula d\u2019educaci\u00f3 continuada d\u2019ICF Col\u00f2mbia\",\"datePublished\":\"2014-02-20T15:28:40+00:00\",\"dateModified\":\"2017-09-05T15:32:00+00:00\",\"mainEntityOfPage\":{\"@id\":\"https:\/\/consult.taga.net\/ca\/energia-organizacional-aula-educacion-continua-icf-colombia\/\"},\"wordCount\":272,\"commentCount\":0,\"publisher\":{\"@id\":\"https:\/\/consult.taga.net\/ca\/#organization\"},\"articleSection\":[\"Sin categor\u00eda\"],\"inLanguage\":\"ca\",\"potentialAction\":[{\"@type\":\"CommentAction\",\"name\":\"Comment\",\"target\":[\"https:\/\/consult.taga.net\/ca\/energia-organizacional-aula-educacion-continua-icf-colombia\/#respond\"]}]},{\"@type\":\"WebPage\",\"@id\":\"https:\/\/consult.taga.net\/ca\/energia-organizacional-aula-educacion-continua-icf-colombia\/\",\"url\":\"https:\/\/consult.taga.net\/ca\/energia-organizacional-aula-educacion-continua-icf-colombia\/\",\"name\":\"[:ca]Energia Organitzacional a l\u2019aula d\u2019educaci\u00f3 continuada d\u2019ICF Col\u00f2mbia[:es]Energ\u00eda Organizacional en el aula de educaci\u00f3n continua de ICF Colombia[:] - Taga\",\"isPartOf\":{\"@id\":\"https:\/\/consult.taga.net\/ca\/#website\"},\"datePublished\":\"2014-02-20T15:28:40+00:00\",\"dateModified\":\"2017-09-05T15:32:00+00:00\",\"breadcrumb\":{\"@id\":\"https:\/\/consult.taga.net\/ca\/energia-organizacional-aula-educacion-continua-icf-colombia\/#breadcrumb\"},\"inLanguage\":\"ca\",\"potentialAction\":[{\"@type\":\"ReadAction\",\"target\":[\"https:\/\/consult.taga.net\/ca\/energia-organizacional-aula-educacion-continua-icf-colombia\/\"]}]},{\"@type\":\"BreadcrumbList\",\"@id\":\"https:\/\/consult.taga.net\/ca\/energia-organizacional-aula-educacion-continua-icf-colombia\/#breadcrumb\",\"itemListElement\":[{\"@type\":\"ListItem\",\"position\":1,\"name\":\"Inici\",\"item\":\"https:\/\/consult.taga.net\/ca\/\"},{\"@type\":\"ListItem\",\"position\":2,\"name\":\"Energia Organitzacional a l\u2019aula d\u2019educaci\u00f3 continuada d\u2019ICF Col\u00f2mbia\"}]},{\"@type\":\"WebSite\",\"@id\":\"https:\/\/consult.taga.net\/ca\/#website\",\"url\":\"https:\/\/consult.taga.net\/ca\/\",\"name\":\"Taga\",\"description\":\"Leadership, Strategy, Culture\",\"publisher\":{\"@id\":\"https:\/\/consult.taga.net\/ca\/#organization\"},\"potentialAction\":[{\"@type\":\"SearchAction\",\"target\":{\"@type\":\"EntryPoint\",\"urlTemplate\":\"https:\/\/consult.taga.net\/ca\/?s={search_term_string}\"},\"query-input\":\"required name=search_term_string\"}],\"inLanguage\":\"ca\"},{\"@type\":\"Organization\",\"@id\":\"https:\/\/consult.taga.net\/ca\/#organization\",\"name\":\"Taga - Change Management\",\"url\":\"https:\/\/consult.taga.net\/ca\/\",\"logo\":{\"@type\":\"ImageObject\",\"inLanguage\":\"ca\",\"@id\":\"https:\/\/consult.taga.net\/ca\/#\/schema\/logo\/image\/\",\"url\":\"https:\/\/consult.taga.net\/wp-content\/uploads\/2019\/11\/Logo_change-management.png\",\"contentUrl\":\"https:\/\/consult.taga.net\/wp-content\/uploads\/2019\/11\/Logo_change-management.png\",\"width\":122,\"height\":68,\"caption\":\"Taga - Change Management\"},\"image\":{\"@id\":\"https:\/\/consult.taga.net\/ca\/#\/schema\/logo\/image\/\"}},{\"@type\":\"Person\",\"@id\":\"https:\/\/consult.taga.net\/ca\/#\/schema\/person\/a45c66a946c453600b5a607d99fa25a6\",\"name\":\"taga\",\"image\":{\"@type\":\"ImageObject\",\"inLanguage\":\"ca\",\"@id\":\"https:\/\/consult.taga.net\/ca\/#\/schema\/person\/image\/\",\"url\":\"https:\/\/secure.gravatar.com\/avatar\/7b51dde4de9a188ac81546e9d7c9a4c9?s=96&d=mm&r=g\",\"contentUrl\":\"https:\/\/secure.gravatar.com\/avatar\/7b51dde4de9a188ac81546e9d7c9a4c9?s=96&d=mm&r=g\",\"caption\":\"taga\"},\"url\":\"https:\/\/consult.taga.net\/ca\/author\/taga\/\"}]}<\/script>\n<!-- \/ Yoast SEO plugin. -->","yoast_head_json":{"title":"[:ca]Energia Organitzacional a l\u2019aula d\u2019educaci\u00f3 continuada d\u2019ICF Col\u00f2mbia[:es]Energ\u00eda Organizacional en el aula de educaci\u00f3n continua de ICF Colombia[:] - Taga","robots":{"index":"index","follow":"follow","max-snippet":"max-snippet:-1","max-image-preview":"max-image-preview:large","max-video-preview":"max-video-preview:-1"},"canonical":"https:\/\/consult.taga.net\/ca\/energia-organizacional-aula-educacion-continua-icf-colombia\/","og_locale":"ca_ES","og_type":"article","og_title":"[:ca]Energia Organitzacional a l\u2019aula d\u2019educaci\u00f3 continuada d\u2019ICF Col\u00f2mbia[:es]Energ\u00eda Organizacional en el aula de educaci\u00f3n continua de ICF Colombia[:] - Taga","og_description":"Aquest dijous 20 de febrer de 2014, Xavier Tarr\u00e9 ha impartit una confer\u00e8ncia sobre el\u00a0Sistema Energ\u00e8tic Organitzacional\u00a0(OES\u00a0\u00ae) adre\u00e7ada a l\u00edders organitzacionals i professionals del coaching i dels recursos humans.\u00a0En aquesta confer\u00e8ncia, organitzada pel Comit\u00e8 d\u2019Educaci\u00f3 Continuada d\u2019ICF Col\u00f2mbia\u00a0(International Coaching Federation) a la ciutat de Bogot\u00e0, Xavier Tarr\u00e9 ha introdu\u00eft la metodologia desenvolupada per TAGA Creativa\u00a0\u2013...","og_url":"https:\/\/consult.taga.net\/ca\/energia-organizacional-aula-educacion-continua-icf-colombia\/","og_site_name":"Taga","article_published_time":"2014-02-20T15:28:40+00:00","article_modified_time":"2017-09-05T15:32:00+00:00","og_image":[{"width":1024,"height":641,"url":"https:\/\/consult.taga.net\/wp-content\/uploads\/2017\/09\/ICF_Colombia_Xavier_Tarre_EO_0214-1024x641.jpg","type":"image\/jpeg"}],"author":"taga","twitter_card":"summary_large_image","twitter_misc":{"Escrit per":"taga","Temps estimat de lectura":"1 minut"},"schema":{"@context":"https:\/\/schema.org","@graph":[{"@type":"Article","@id":"https:\/\/consult.taga.net\/ca\/energia-organizacional-aula-educacion-continua-icf-colombia\/#article","isPartOf":{"@id":"https:\/\/consult.taga.net\/ca\/energia-organizacional-aula-educacion-continua-icf-colombia\/"},"author":{"name":"taga","@id":"https:\/\/consult.taga.net\/ca\/#\/schema\/person\/a45c66a946c453600b5a607d99fa25a6"},"headline":"Energia Organitzacional a l\u2019aula d\u2019educaci\u00f3 continuada d\u2019ICF Col\u00f2mbia","datePublished":"2014-02-20T15:28:40+00:00","dateModified":"2017-09-05T15:32:00+00:00","mainEntityOfPage":{"@id":"https:\/\/consult.taga.net\/ca\/energia-organizacional-aula-educacion-continua-icf-colombia\/"},"wordCount":272,"commentCount":0,"publisher":{"@id":"https:\/\/consult.taga.net\/ca\/#organization"},"articleSection":["Sin categor\u00eda"],"inLanguage":"ca","potentialAction":[{"@type":"CommentAction","name":"Comment","target":["https:\/\/consult.taga.net\/ca\/energia-organizacional-aula-educacion-continua-icf-colombia\/#respond"]}]},{"@type":"WebPage","@id":"https:\/\/consult.taga.net\/ca\/energia-organizacional-aula-educacion-continua-icf-colombia\/","url":"https:\/\/consult.taga.net\/ca\/energia-organizacional-aula-educacion-continua-icf-colombia\/","name":"[:ca]Energia Organitzacional a l\u2019aula d\u2019educaci\u00f3 continuada d\u2019ICF Col\u00f2mbia[:es]Energ\u00eda Organizacional en el aula de educaci\u00f3n continua de ICF Colombia[:] - Taga","isPartOf":{"@id":"https:\/\/consult.taga.net\/ca\/#website"},"datePublished":"2014-02-20T15:28:40+00:00","dateModified":"2017-09-05T15:32:00+00:00","breadcrumb":{"@id":"https:\/\/consult.taga.net\/ca\/energia-organizacional-aula-educacion-continua-icf-colombia\/#breadcrumb"},"inLanguage":"ca","potentialAction":[{"@type":"ReadAction","target":["https:\/\/consult.taga.net\/ca\/energia-organizacional-aula-educacion-continua-icf-colombia\/"]}]},{"@type":"BreadcrumbList","@id":"https:\/\/consult.taga.net\/ca\/energia-organizacional-aula-educacion-continua-icf-colombia\/#breadcrumb","itemListElement":[{"@type":"ListItem","position":1,"name":"Inici","item":"https:\/\/consult.taga.net\/ca\/"},{"@type":"ListItem","position":2,"name":"Energia Organitzacional a l\u2019aula d\u2019educaci\u00f3 continuada d\u2019ICF Col\u00f2mbia"}]},{"@type":"WebSite","@id":"https:\/\/consult.taga.net\/ca\/#website","url":"https:\/\/consult.taga.net\/ca\/","name":"Taga","description":"Leadership, Strategy, Culture","publisher":{"@id":"https:\/\/consult.taga.net\/ca\/#organization"},"potentialAction":[{"@type":"SearchAction","target":{"@type":"EntryPoint","urlTemplate":"https:\/\/consult.taga.net\/ca\/?s={search_term_string}"},"query-input":"required name=search_term_string"}],"inLanguage":"ca"},{"@type":"Organization","@id":"https:\/\/consult.taga.net\/ca\/#organization","name":"Taga - Change Management","url":"https:\/\/consult.taga.net\/ca\/","logo":{"@type":"ImageObject","inLanguage":"ca","@id":"https:\/\/consult.taga.net\/ca\/#\/schema\/logo\/image\/","url":"https:\/\/consult.taga.net\/wp-content\/uploads\/2019\/11\/Logo_change-management.png","contentUrl":"https:\/\/consult.taga.net\/wp-content\/uploads\/2019\/11\/Logo_change-management.png","width":122,"height":68,"caption":"Taga - Change Management"},"image":{"@id":"https:\/\/consult.taga.net\/ca\/#\/schema\/logo\/image\/"}},{"@type":"Person","@id":"https:\/\/consult.taga.net\/ca\/#\/schema\/person\/a45c66a946c453600b5a607d99fa25a6","name":"taga","image":{"@type":"ImageObject","inLanguage":"ca","@id":"https:\/\/consult.taga.net\/ca\/#\/schema\/person\/image\/","url":"https:\/\/secure.gravatar.com\/avatar\/7b51dde4de9a188ac81546e9d7c9a4c9?s=96&d=mm&r=g","contentUrl":"https:\/\/secure.gravatar.com\/avatar\/7b51dde4de9a188ac81546e9d7c9a4c9?s=96&d=mm&r=g","caption":"taga"},"url":"https:\/\/consult.taga.net\/ca\/author\/taga\/"}]}},"_links":{"self":[{"href":"https:\/\/consult.taga.net\/ca\/wp-json\/wp\/v2\/posts\/2205"}],"collection":[{"href":"https:\/\/consult.taga.net\/ca\/wp-json\/wp\/v2\/posts"}],"about":[{"href":"https:\/\/consult.taga.net\/ca\/wp-json\/wp\/v2\/types\/post"}],"author":[{"embeddable":true,"href":"https:\/\/consult.taga.net\/ca\/wp-json\/wp\/v2\/users\/1"}],"replies":[{"embeddable":true,"href":"https:\/\/consult.taga.net\/ca\/wp-json\/wp\/v2\/comments?post=2205"}],"version-history":[{"count":2,"href":"https:\/\/consult.taga.net\/ca\/wp-json\/wp\/v2\/posts\/2205\/revisions"}],"predecessor-version":[{"id":2207,"href":"https:\/\/consult.taga.net\/ca\/wp-json\/wp\/v2\/posts\/2205\/revisions\/2207"}],"wp:featuredmedia":[{"embeddable":true,"href":"https:\/\/consult.taga.net\/ca\/wp-json\/wp\/v2\/media\/2199"}],"wp:attachment":[{"href":"https:\/\/consult.taga.net\/ca\/wp-json\/wp\/v2\/media?parent=2205"}],"wp:term":[{"taxonomy":"category","embeddable":true,"href":"https:\/\/consult.taga.net\/ca\/wp-json\/wp\/v2\/categories?post=2205"},{"taxonomy":"post_tag","embeddable":true,"href":"https:\/\/consult.taga.net\/ca\/wp-json\/wp\/v2\/tags?post=2205"}],"curies":[{"name":"wp","href":"https:\/\/api.w.org\/{rel}","templated":true}]}}