{"id":2213,"date":"2015-10-05T16:56:59","date_gmt":"2015-10-05T15:56:59","guid":{"rendered":"http:\/\/consult.taga.net\/?p=2213"},"modified":"2017-11-22T17:24:30","modified_gmt":"2017-11-22T16:24:30","slug":"idilia-foods-neix-pla-estrategic-sistemic-humanista","status":"publish","type":"post","link":"https:\/\/consult.taga.net\/ca\/idilia-foods-neix-pla-estrategic-sistemic-humanista\/","title":{"rendered":"Idilia Foods neix amb un pla estrat\u00e8gic sist\u00e8mic i humanista"},"content":{"rendered":"<p>Aquest dilluns\u00a05 d\u2019octubre de 2015, la divisi\u00f3 de m\u00e0rqueting del grup multinacional Idilia Foods ha participat, juntament amb el director general i el director de recursos humans, \u00a0en el \u00a0taller de tancament del primer cicle d\u2019un programa dissenyat ad hoc\u00a0per\u00a0TAGA Creativa \u2013 Pinea3 Living Organizations sota la direcci\u00f3 de Xavier Tarr\u00e9, per tal d\u2019atendre amb el m\u00e0xim rigor la singularitat d\u2019un cas com aquest.<\/p>\n<p>A trav\u00e9s d\u2019un treball d\u2019acompanyament espec\u00edfic a l\u2019alta direcci\u00f3 del grup, es van posar de relleu les diverses necessitats organitzatives que sorgeixen de la divisi\u00f3 de Nutrexpa en dos grups empresarials i, com a conseq\u00fc\u00e8ncia, el naixement, el gener de 2015, d\u2019Idilia Foods. La nova companyia, fundada sobre els fonaments que l\u2019empresa mare els ha proporcionat, afronta en aquests moments el repte i l\u2019oportunitat\u00a0de repensar-se internament i externa.<\/p>\n<p>Idilia Foods\u00a0\u00e9s una\u00a0organitzaci\u00f3\u00a0d\u2019abast internacional\u00a0propiet\u00e0ria entre d\u2019altres, de marques com Nocilla o ColaCao. L\u2019equip de TAGA Creativa \u2013 Pinea3, per la seva banda, reconeix l\u2019honor de col\u00b7laborar i acompanyar la companyia en aquest moment \u00fanic del seu proc\u00e9s de desenvolupament organitzacional.<\/p>","protected":false},"excerpt":{"rendered":"<p>Aquest dilluns\u00a05 d\u2019octubre de 2015, la divisi\u00f3 de m\u00e0rqueting del grup multinacional Idilia Foods ha participat, juntament amb el director general i el director de recursos humans, \u00a0en el \u00a0taller de tancament del primer cicle d\u2019un programa dissenyat ad hoc\u00a0per\u00a0TAGA Creativa \u2013 Pinea3 Living Organizations sota la direcci\u00f3 de Xavier Tarr\u00e9, per tal d\u2019atendre amb&#8230;<\/p>\n","protected":false},"author":1,"featured_media":2214,"comment_status":"open","ping_status":"open","sticky":false,"template":"","format":"standard","meta":{"_mi_skip_tracking":false,"_monsterinsights_sitenote_active":false,"_monsterinsights_sitenote_note":"","_monsterinsights_sitenote_category":0},"categories":[1],"tags":[],"yoast_head":"<!-- This site is optimized with the Yoast SEO plugin v20.12 - https:\/\/yoast.com\/wordpress\/plugins\/seo\/ -->\n<title>Idilia Foods neix amb un pla estrat\u00e8gic sist\u00e8mic i humanista - Taga<\/title>\n<meta name=\"robots\" content=\"index, follow, max-snippet:-1, max-image-preview:large, max-video-preview:-1\" \/>\n<link rel=\"canonical\" href=\"https:\/\/consult.taga.net\/ca\/idilia-foods-neix-pla-estrategic-sistemic-humanista\/\" \/>\n<meta property=\"og:locale\" content=\"ca_ES\" \/>\n<meta property=\"og:type\" content=\"article\" \/>\n<meta property=\"og:title\" content=\"[:ca]Idilia Foods neix amb un pla estrat\u00e8gic sist\u00e8mic i humanista[:es]Idilia Foods nace con un plan estrat\u00e9gico sist\u00e9mico y humanista[:] - Taga\" \/>\n<meta property=\"og:description\" content=\"Aquest dilluns\u00a05 d\u2019octubre de 2015, la divisi\u00f3 de m\u00e0rqueting del grup multinacional Idilia Foods ha participat, juntament amb el director general i el director de recursos humans, \u00a0en el \u00a0taller de tancament del primer cicle d\u2019un programa dissenyat ad hoc\u00a0per\u00a0TAGA Creativa \u2013 Pinea3 Living Organizations sota la direcci\u00f3 de Xavier Tarr\u00e9, per tal d\u2019atendre amb...\" \/>\n<meta property=\"og:url\" content=\"https:\/\/consult.taga.net\/ca\/idilia-foods-neix-pla-estrategic-sistemic-humanista\/\" \/>\n<meta property=\"og:site_name\" content=\"Taga\" \/>\n<meta property=\"article:published_time\" content=\"2015-10-05T15:56:59+00:00\" \/>\n<meta property=\"article:modified_time\" content=\"2017-11-22T16:24:30+00:00\" \/>\n<meta property=\"og:image\" content=\"https:\/\/consult.taga.net\/wp-content\/uploads\/2017\/09\/IDILIA_05102015-1024x660.jpg\" \/>\n\t<meta property=\"og:image:width\" content=\"1024\" \/>\n\t<meta property=\"og:image:height\" content=\"660\" \/>\n\t<meta property=\"og:image:type\" content=\"image\/jpeg\" \/>\n<meta name=\"author\" content=\"taga\" \/>\n<meta name=\"twitter:card\" content=\"summary_large_image\" \/>\n<meta name=\"twitter:label1\" content=\"Escrit per\" \/>\n\t<meta name=\"twitter:data1\" content=\"taga\" \/>\n\t<meta name=\"twitter:label2\" content=\"Temps estimat de lectura\" \/>\n\t<meta name=\"twitter:data2\" content=\"2 minuts\" \/>\n<script type=\"application\/ld+json\" class=\"yoast-schema-graph\">{\"@context\":\"https:\/\/schema.org\",\"@graph\":[{\"@type\":\"Article\",\"@id\":\"https:\/\/consult.taga.net\/ca\/idilia-foods-neix-pla-estrategic-sistemic-humanista\/#article\",\"isPartOf\":{\"@id\":\"https:\/\/consult.taga.net\/ca\/idilia-foods-neix-pla-estrategic-sistemic-humanista\/\"},\"author\":{\"name\":\"taga\",\"@id\":\"https:\/\/consult.taga.net\/ca\/#\/schema\/person\/a45c66a946c453600b5a607d99fa25a6\"},\"headline\":\"Idilia Foods neix amb un pla estrat\u00e8gic sist\u00e8mic i humanista\",\"datePublished\":\"2015-10-05T15:56:59+00:00\",\"dateModified\":\"2017-11-22T16:24:30+00:00\",\"mainEntityOfPage\":{\"@id\":\"https:\/\/consult.taga.net\/ca\/idilia-foods-neix-pla-estrategic-sistemic-humanista\/\"},\"wordCount\":426,\"commentCount\":0,\"publisher\":{\"@id\":\"https:\/\/consult.taga.net\/ca\/#organization\"},\"articleSection\":[\"Sin categor\u00eda\"],\"inLanguage\":\"ca\",\"potentialAction\":[{\"@type\":\"CommentAction\",\"name\":\"Comment\",\"target\":[\"https:\/\/consult.taga.net\/ca\/idilia-foods-neix-pla-estrategic-sistemic-humanista\/#respond\"]}]},{\"@type\":\"WebPage\",\"@id\":\"https:\/\/consult.taga.net\/ca\/idilia-foods-neix-pla-estrategic-sistemic-humanista\/\",\"url\":\"https:\/\/consult.taga.net\/ca\/idilia-foods-neix-pla-estrategic-sistemic-humanista\/\",\"name\":\"[:ca]Idilia Foods neix amb un pla estrat\u00e8gic sist\u00e8mic i humanista[:es]Idilia Foods nace con un plan estrat\u00e9gico sist\u00e9mico y humanista[:] - Taga\",\"isPartOf\":{\"@id\":\"https:\/\/consult.taga.net\/ca\/#website\"},\"datePublished\":\"2015-10-05T15:56:59+00:00\",\"dateModified\":\"2017-11-22T16:24:30+00:00\",\"breadcrumb\":{\"@id\":\"https:\/\/consult.taga.net\/ca\/idilia-foods-neix-pla-estrategic-sistemic-humanista\/#breadcrumb\"},\"inLanguage\":\"ca\",\"potentialAction\":[{\"@type\":\"ReadAction\",\"target\":[\"https:\/\/consult.taga.net\/ca\/idilia-foods-neix-pla-estrategic-sistemic-humanista\/\"]}]},{\"@type\":\"BreadcrumbList\",\"@id\":\"https:\/\/consult.taga.net\/ca\/idilia-foods-neix-pla-estrategic-sistemic-humanista\/#breadcrumb\",\"itemListElement\":[{\"@type\":\"ListItem\",\"position\":1,\"name\":\"Inici\",\"item\":\"https:\/\/consult.taga.net\/ca\/\"},{\"@type\":\"ListItem\",\"position\":2,\"name\":\"Idilia Foods neix amb un pla estrat\u00e8gic sist\u00e8mic i humanista\"}]},{\"@type\":\"WebSite\",\"@id\":\"https:\/\/consult.taga.net\/ca\/#website\",\"url\":\"https:\/\/consult.taga.net\/ca\/\",\"name\":\"Taga\",\"description\":\"Leadership, Strategy, Culture\",\"publisher\":{\"@id\":\"https:\/\/consult.taga.net\/ca\/#organization\"},\"potentialAction\":[{\"@type\":\"SearchAction\",\"target\":{\"@type\":\"EntryPoint\",\"urlTemplate\":\"https:\/\/consult.taga.net\/ca\/?s={search_term_string}\"},\"query-input\":\"required name=search_term_string\"}],\"inLanguage\":\"ca\"},{\"@type\":\"Organization\",\"@id\":\"https:\/\/consult.taga.net\/ca\/#organization\",\"name\":\"Taga - Change Management\",\"url\":\"https:\/\/consult.taga.net\/ca\/\",\"logo\":{\"@type\":\"ImageObject\",\"inLanguage\":\"ca\",\"@id\":\"https:\/\/consult.taga.net\/ca\/#\/schema\/logo\/image\/\",\"url\":\"https:\/\/consult.taga.net\/wp-content\/uploads\/2019\/11\/Logo_change-management.png\",\"contentUrl\":\"https:\/\/consult.taga.net\/wp-content\/uploads\/2019\/11\/Logo_change-management.png\",\"width\":122,\"height\":68,\"caption\":\"Taga - Change Management\"},\"image\":{\"@id\":\"https:\/\/consult.taga.net\/ca\/#\/schema\/logo\/image\/\"}},{\"@type\":\"Person\",\"@id\":\"https:\/\/consult.taga.net\/ca\/#\/schema\/person\/a45c66a946c453600b5a607d99fa25a6\",\"name\":\"taga\",\"image\":{\"@type\":\"ImageObject\",\"inLanguage\":\"ca\",\"@id\":\"https:\/\/consult.taga.net\/ca\/#\/schema\/person\/image\/\",\"url\":\"https:\/\/secure.gravatar.com\/avatar\/7b51dde4de9a188ac81546e9d7c9a4c9?s=96&d=mm&r=g\",\"contentUrl\":\"https:\/\/secure.gravatar.com\/avatar\/7b51dde4de9a188ac81546e9d7c9a4c9?s=96&d=mm&r=g\",\"caption\":\"taga\"},\"url\":\"https:\/\/consult.taga.net\/ca\/author\/taga\/\"}]}<\/script>\n<!-- \/ Yoast SEO plugin. -->","yoast_head_json":{"title":"[:ca]Idilia Foods neix amb un pla estrat\u00e8gic sist\u00e8mic i humanista[:es]Idilia Foods nace con un plan estrat\u00e9gico sist\u00e9mico y humanista[:] - Taga","robots":{"index":"index","follow":"follow","max-snippet":"max-snippet:-1","max-image-preview":"max-image-preview:large","max-video-preview":"max-video-preview:-1"},"canonical":"https:\/\/consult.taga.net\/ca\/idilia-foods-neix-pla-estrategic-sistemic-humanista\/","og_locale":"ca_ES","og_type":"article","og_title":"[:ca]Idilia Foods neix amb un pla estrat\u00e8gic sist\u00e8mic i humanista[:es]Idilia Foods nace con un plan estrat\u00e9gico sist\u00e9mico y humanista[:] - Taga","og_description":"Aquest dilluns\u00a05 d\u2019octubre de 2015, la divisi\u00f3 de m\u00e0rqueting del grup multinacional Idilia Foods ha participat, juntament amb el director general i el director de recursos humans, \u00a0en el \u00a0taller de tancament del primer cicle d\u2019un programa dissenyat ad hoc\u00a0per\u00a0TAGA Creativa \u2013 Pinea3 Living Organizations sota la direcci\u00f3 de Xavier Tarr\u00e9, per tal d\u2019atendre amb...","og_url":"https:\/\/consult.taga.net\/ca\/idilia-foods-neix-pla-estrategic-sistemic-humanista\/","og_site_name":"Taga","article_published_time":"2015-10-05T15:56:59+00:00","article_modified_time":"2017-11-22T16:24:30+00:00","og_image":[{"width":1024,"height":660,"url":"https:\/\/consult.taga.net\/wp-content\/uploads\/2017\/09\/IDILIA_05102015-1024x660.jpg","type":"image\/jpeg"}],"author":"taga","twitter_card":"summary_large_image","twitter_misc":{"Escrit per":"taga","Temps estimat de lectura":"2 minuts"},"schema":{"@context":"https:\/\/schema.org","@graph":[{"@type":"Article","@id":"https:\/\/consult.taga.net\/ca\/idilia-foods-neix-pla-estrategic-sistemic-humanista\/#article","isPartOf":{"@id":"https:\/\/consult.taga.net\/ca\/idilia-foods-neix-pla-estrategic-sistemic-humanista\/"},"author":{"name":"taga","@id":"https:\/\/consult.taga.net\/ca\/#\/schema\/person\/a45c66a946c453600b5a607d99fa25a6"},"headline":"Idilia Foods neix amb un pla estrat\u00e8gic sist\u00e8mic i humanista","datePublished":"2015-10-05T15:56:59+00:00","dateModified":"2017-11-22T16:24:30+00:00","mainEntityOfPage":{"@id":"https:\/\/consult.taga.net\/ca\/idilia-foods-neix-pla-estrategic-sistemic-humanista\/"},"wordCount":426,"commentCount":0,"publisher":{"@id":"https:\/\/consult.taga.net\/ca\/#organization"},"articleSection":["Sin categor\u00eda"],"inLanguage":"ca","potentialAction":[{"@type":"CommentAction","name":"Comment","target":["https:\/\/consult.taga.net\/ca\/idilia-foods-neix-pla-estrategic-sistemic-humanista\/#respond"]}]},{"@type":"WebPage","@id":"https:\/\/consult.taga.net\/ca\/idilia-foods-neix-pla-estrategic-sistemic-humanista\/","url":"https:\/\/consult.taga.net\/ca\/idilia-foods-neix-pla-estrategic-sistemic-humanista\/","name":"[:ca]Idilia Foods neix amb un pla estrat\u00e8gic sist\u00e8mic i humanista[:es]Idilia Foods nace con un plan estrat\u00e9gico sist\u00e9mico y humanista[:] - Taga","isPartOf":{"@id":"https:\/\/consult.taga.net\/ca\/#website"},"datePublished":"2015-10-05T15:56:59+00:00","dateModified":"2017-11-22T16:24:30+00:00","breadcrumb":{"@id":"https:\/\/consult.taga.net\/ca\/idilia-foods-neix-pla-estrategic-sistemic-humanista\/#breadcrumb"},"inLanguage":"ca","potentialAction":[{"@type":"ReadAction","target":["https:\/\/consult.taga.net\/ca\/idilia-foods-neix-pla-estrategic-sistemic-humanista\/"]}]},{"@type":"BreadcrumbList","@id":"https:\/\/consult.taga.net\/ca\/idilia-foods-neix-pla-estrategic-sistemic-humanista\/#breadcrumb","itemListElement":[{"@type":"ListItem","position":1,"name":"Inici","item":"https:\/\/consult.taga.net\/ca\/"},{"@type":"ListItem","position":2,"name":"Idilia Foods neix amb un pla estrat\u00e8gic sist\u00e8mic i humanista"}]},{"@type":"WebSite","@id":"https:\/\/consult.taga.net\/ca\/#website","url":"https:\/\/consult.taga.net\/ca\/","name":"Taga","description":"Leadership, Strategy, Culture","publisher":{"@id":"https:\/\/consult.taga.net\/ca\/#organization"},"potentialAction":[{"@type":"SearchAction","target":{"@type":"EntryPoint","urlTemplate":"https:\/\/consult.taga.net\/ca\/?s={search_term_string}"},"query-input":"required name=search_term_string"}],"inLanguage":"ca"},{"@type":"Organization","@id":"https:\/\/consult.taga.net\/ca\/#organization","name":"Taga - Change Management","url":"https:\/\/consult.taga.net\/ca\/","logo":{"@type":"ImageObject","inLanguage":"ca","@id":"https:\/\/consult.taga.net\/ca\/#\/schema\/logo\/image\/","url":"https:\/\/consult.taga.net\/wp-content\/uploads\/2019\/11\/Logo_change-management.png","contentUrl":"https:\/\/consult.taga.net\/wp-content\/uploads\/2019\/11\/Logo_change-management.png","width":122,"height":68,"caption":"Taga - Change Management"},"image":{"@id":"https:\/\/consult.taga.net\/ca\/#\/schema\/logo\/image\/"}},{"@type":"Person","@id":"https:\/\/consult.taga.net\/ca\/#\/schema\/person\/a45c66a946c453600b5a607d99fa25a6","name":"taga","image":{"@type":"ImageObject","inLanguage":"ca","@id":"https:\/\/consult.taga.net\/ca\/#\/schema\/person\/image\/","url":"https:\/\/secure.gravatar.com\/avatar\/7b51dde4de9a188ac81546e9d7c9a4c9?s=96&d=mm&r=g","contentUrl":"https:\/\/secure.gravatar.com\/avatar\/7b51dde4de9a188ac81546e9d7c9a4c9?s=96&d=mm&r=g","caption":"taga"},"url":"https:\/\/consult.taga.net\/ca\/author\/taga\/"}]}},"_links":{"self":[{"href":"https:\/\/consult.taga.net\/ca\/wp-json\/wp\/v2\/posts\/2213"}],"collection":[{"href":"https:\/\/consult.taga.net\/ca\/wp-json\/wp\/v2\/posts"}],"about":[{"href":"https:\/\/consult.taga.net\/ca\/wp-json\/wp\/v2\/types\/post"}],"author":[{"embeddable":true,"href":"https:\/\/consult.taga.net\/ca\/wp-json\/wp\/v2\/users\/1"}],"replies":[{"embeddable":true,"href":"https:\/\/consult.taga.net\/ca\/wp-json\/wp\/v2\/comments?post=2213"}],"version-history":[{"count":3,"href":"https:\/\/consult.taga.net\/ca\/wp-json\/wp\/v2\/posts\/2213\/revisions"}],"predecessor-version":[{"id":2265,"href":"https:\/\/consult.taga.net\/ca\/wp-json\/wp\/v2\/posts\/2213\/revisions\/2265"}],"wp:featuredmedia":[{"embeddable":true,"href":"https:\/\/consult.taga.net\/ca\/wp-json\/wp\/v2\/media\/2214"}],"wp:attachment":[{"href":"https:\/\/consult.taga.net\/ca\/wp-json\/wp\/v2\/media?parent=2213"}],"wp:term":[{"taxonomy":"category","embeddable":true,"href":"https:\/\/consult.taga.net\/ca\/wp-json\/wp\/v2\/categories?post=2213"},{"taxonomy":"post_tag","embeddable":true,"href":"https:\/\/consult.taga.net\/ca\/wp-json\/wp\/v2\/tags?post=2213"}],"curies":[{"name":"wp","href":"https:\/\/api.w.org\/{rel}","templated":true}]}}